{"id":9664,"date":"2026-03-15T19:42:45","date_gmt":"2026-03-15T19:42:45","guid":{"rendered":"https:\/\/helpusdefend.com\/?p=9664"},"modified":"2026-03-16T01:56:28","modified_gmt":"2026-03-16T01:56:28","slug":"juicio-contra-meta-en-los-angeles-asuntos-y-posiciones","status":"publish","type":"post","link":"https:\/\/helpusdefend.com\/?p=9664","title":{"rendered":"Juicio contra Meta en Los \u00c1ngeles: asuntos y posiciones"},"content":{"rendered":"\t\t<div data-elementor-type=\"wp-post\" data-elementor-id=\"9664\" class=\"elementor elementor-9664\">\n\t\t\t\t<div class=\"elementor-element elementor-element-b94ccc7 e-flex e-con-boxed e-con e-parent\" data-id=\"b94ccc7\" data-element_type=\"container\" data-e-type=\"container\">\n\t\t\t\t\t<div class=\"e-con-inner\">\n\t\t\t\t<div class=\"elementor-element elementor-element-fee8891 elementor-widget elementor-widget-heading\" data-id=\"fee8891\" data-element_type=\"widget\" data-e-type=\"widget\" data-widget_type=\"heading.default\">\n\t\t\t\t<div class=\"elementor-widget-container\">\n\t\t\t\t\t<h2 class=\"elementor-heading-title elementor-size-default\"><span><h2><span>Juicio contra Meta en Los \u00c1ngeles: asuntos y posiciones<\/span><span> -<\/span><span><\/span><\/h2><\/span><\/h2>\t\t\t\t<\/div>\n\t\t\t\t<\/div>\n\t\t\t\t\t<\/div>\n\t\t\t\t<\/div>\n\t\t<div class=\"elementor-element elementor-element-8e1ec11 e-flex e-con-boxed e-con e-parent\" data-id=\"8e1ec11\" data-element_type=\"container\" data-e-type=\"container\">\n\t\t\t\t\t<div class=\"e-con-inner\">\n\t\t\t\t<div class=\"elementor-element elementor-element-33efa8a elementor-widget elementor-widget-text-editor\" data-id=\"33efa8a\" data-element_type=\"widget\" data-e-type=\"widget\" data-widget_type=\"text-editor.default\">\n\t\t\t\t<div class=\"elementor-widget-container\">\n\t\t\t\t\t\t\t\t\t<p dir=\"ltr\" style=\"line-height:1.38;margin-top:12pt;margin-bottom:12pt;\"><span style=\"font-size:11pt;font-family:Arial,sans-serif;color:#000000;background-color:transparent;font-weight:400;font-style:normal;font-variant:normal;text-decoration:none;vertical-align:baseline;white-space:pre;white-space:pre-wrap;\">Un juicio en curso ante la Corte Superior de Los \u00c1ngeles, California, contra Meta Platforms, con sede en Menlo Park, podr\u00eda influir en m\u00e1s de 1.500 casos similares pendientes en todo Estados Unidos. La empresa declara decenas de miles de millones de d\u00f3lares en beneficios anuales, y los riesgos financieros de este litigio son considerables. Dos compa\u00f1\u00edas, Snap Inc. y TikTok, ya han resuelto demandas similares por montos no divulgados. Meta, por su parte, ha decidido llegar hasta el juicio. Es raro que un director ejecutivo testifique ante un tribunal, pero Mark Zuckerberg tom\u00f3 la palabra como testigo.<\/span><\/p><h3 dir=\"ltr\" style=\"line-height:1.38;margin-top:14pt;margin-bottom:4pt;\"><span style=\"font-size:13pt;font-family:Arial,sans-serif;color:#000000;background-color:transparent;font-weight:700;font-style:normal;font-variant:normal;text-decoration:none;vertical-align:baseline;white-space:pre;white-space:pre-wrap;\">La posici\u00f3n de los demandantes<\/span><\/h3><p dir=\"ltr\" style=\"line-height:1.38;margin-top:12pt;margin-bottom:12pt;\"><span style=\"font-size:11pt;font-family:Arial,sans-serif;color:#000000;background-color:transparent;font-weight:400;font-style:normal;font-variant:normal;text-decoration:none;vertical-align:baseline;white-space:pre;white-space:pre-wrap;\">Los demandantes sostienen que las investigaciones internas de Meta identificaron riesgos para la salud mental de los j\u00f3venes usuarios, mientras la empresa segu\u00eda dise\u00f1ando funciones destinadas a aumentar el engagement y el tiempo que los usuarios pasaban en sus plataformas, especialmente Instagram.<\/span><\/p><p dir=\"ltr\" style=\"line-height:1.38;margin-top:12pt;margin-bottom:12pt;\"><span style=\"font-size:11pt;font-family:Arial,sans-serif;color:#000000;background-color:transparent;font-weight:400;font-style:normal;font-variant:normal;text-decoration:none;vertical-align:baseline;white-space:pre;white-space:pre-wrap;\">Durante la audiencia del 18 de febrero de 2026, se present\u00f3 un memo interno con la frase: \u00abNuestro objetivo es aumentar el tiempo de uso en un 12 %\u00bb. Ese mismo d\u00eda, otro documento indicaba: \u00abSi queremos ganar en grande con los adolescentes, debemos atraerlos desde la preadolescencia\u00bb. Seg\u00fan los demandantes, estos documentos demuestran una estrategia para atraer a usuarios cada vez m\u00e1s j\u00f3venes, a pesar de conocer los riesgos potenciales de un uso prolongado.<\/span><\/p><p dir=\"ltr\" style=\"line-height:1.38;margin-top:12pt;margin-bottom:12pt;\"><span style=\"font-size:11pt;font-family:Arial,sans-serif;color:#000000;background-color:transparent;font-weight:400;font-style:normal;font-variant:normal;text-decoration:none;vertical-align:baseline;white-space:pre;white-space:pre-wrap;\">La verificaci\u00f3n de edad tambi\u00e9n es un punto central del caso. Zuckerberg reconoci\u00f3 que algunas personas eluden las restricciones de edad y que su detecci\u00f3n sigue siendo dif\u00edcil. El exejecutivo Nick Clegg a\u00f1adi\u00f3 que los l\u00edmites de edad no aplicados dificultan afirmar que la empresa hace todo lo posible. Los demandantes aseguran que un n\u00famero importante de usuarios menores de edad accedieron a la plataforma pese a los l\u00edmites oficiales.<\/span><\/p><h3 dir=\"ltr\" style=\"line-height:1.38;margin-top:14pt;margin-bottom:4pt;\"><span style=\"font-size:13pt;font-family:Arial,sans-serif;color:#000000;background-color:transparent;font-weight:700;font-style:normal;font-variant:normal;text-decoration:none;vertical-align:baseline;white-space:pre;white-space:pre-wrap;\">La posici\u00f3n de la defensa<\/span><\/h3><p dir=\"ltr\" style=\"line-height:1.38;margin-top:12pt;margin-bottom:12pt;\"><span style=\"font-size:11pt;font-family:Arial,sans-serif;color:#000000;background-color:transparent;font-weight:400;font-style:normal;font-variant:normal;text-decoration:none;vertical-align:baseline;white-space:pre;white-space:pre-wrap;\">Meta sostiene que act\u00faa como una plataforma neutral y que est\u00e1 protegida por la Secci\u00f3n 230 del Communications Decency Act, que protege a las empresas de la responsabilidad por contenidos generados por los usuarios.<\/span><\/p><p dir=\"ltr\" style=\"line-height:1.38;margin-top:12pt;margin-bottom:12pt;\"><span style=\"font-size:11pt;font-family:Arial,sans-serif;color:#000000;background-color:transparent;font-weight:400;font-style:normal;font-variant:normal;text-decoration:none;vertical-align:baseline;white-space:pre;white-space:pre-wrap;\">Zuckerberg rechaz\u00f3 las afirmaciones de que el objetivo de Meta fuera volver adictos a los usuarios, se\u00f1alando que los objetivos relacionados con el tiempo de uso ya no reflejan la gesti\u00f3n actual de la empresa. Adam Mosseri, responsable de Instagram, tambi\u00e9n se\u00f1al\u00f3 que numerosos factores, incluidas condiciones preexistentes, influyen en la salud mental y que la plataforma no puede ser responsable de todas las influencias contribuyentes.<\/span><\/p><h3 dir=\"ltr\" style=\"line-height:1.38;margin-top:14pt;margin-bottom:4pt;\"><span style=\"font-size:13pt;font-family:Arial,sans-serif;color:#000000;background-color:transparent;font-weight:700;font-style:normal;font-variant:normal;text-decoration:none;vertical-align:baseline;white-space:pre;white-space:pre-wrap;\">La cuesti\u00f3n m\u00e1s amplia<\/span><\/h3><p><span style=\"font-weight:normal;\" id=\"docs-internal-guid-fa7866ba-7fff-263f-6e61-3f7f59ed11d1\"><\/span><\/p><p dir=\"ltr\" style=\"line-height:1.38;margin-top:12pt;margin-bottom:12pt;\"><span style=\"font-size:11pt;font-family:Arial,sans-serif;color:#000000;background-color:transparent;font-weight:400;font-style:normal;font-variant:normal;text-decoration:none;vertical-align:baseline;white-space:pre;white-space:pre-wrap;\">La cuesti\u00f3n central es si los tribunales mantendr\u00e1n la inmunidad amplia de la que gozan las plataformas o si limitar\u00e1n su alcance. Una decisi\u00f3n que restrinja estas protecciones podr\u00eda aumentar la exposici\u00f3n financiera de las empresas tecnol\u00f3gicas y afectar futuras reformas legislativas. Con m\u00e1s de mil casos similares pendientes, este caso podr\u00eda definir c\u00f3mo se distribuye la responsabilidad entre usuarios, empresas y sistemas digitales. La organizaci\u00f3n DEFEND, junto con numerosos defensores, padres y legisladores, seguir\u00e1n de cerca la decisi\u00f3n del jurado.<\/span><\/p>\t\t\t\t\t\t\t\t<\/div>\n\t\t\t\t<\/div>\n\t\t\t\t\t<\/div>\n\t\t\t\t<\/div>\n\t\t<div class=\"elementor-element elementor-element-2b8bfe5 e-grid e-con-boxed e-con e-parent\" data-id=\"2b8bfe5\" data-element_type=\"container\" data-e-type=\"container\">\n\t\t\t\t\t<div class=\"e-con-inner\">\n\t\t\t\t<div class=\"elementor-element elementor-element-c1448ba elementor-widget elementor-widget-image\" data-id=\"c1448ba\" data-element_type=\"widget\" data-e-type=\"widget\" data-widget_type=\"image.default\">\n\t\t\t\t<div class=\"elementor-widget-container\">\n\t\t\t\t\t\t\t\t\t\t\t\t\t\t\t\t<a href=\"https:\/\/apps.apple.com\/ca\/app\/dating-square-by-65square\/id6497063891?platform=iphone\">\n\t\t\t\t\t\t\t<img fetchpriority=\"high\" decoding=\"async\" width=\"600\" height=\"300\" src=\"https:\/\/helpusdefend.com\/wp-content\/uploads\/2025\/09\/google-play-apple-buttons1.png\" class=\"attachment-large size-large wp-image-9109\" alt=\"\" srcset=\"https:\/\/helpusdefend.com\/wp-content\/uploads\/2025\/09\/google-play-apple-buttons1.png 600w, https:\/\/helpusdefend.com\/wp-content\/uploads\/2025\/09\/google-play-apple-buttons1-500x250.png 500w, https:\/\/helpusdefend.com\/wp-content\/uploads\/2025\/09\/google-play-apple-buttons1-300x150.png 300w, https:\/\/helpusdefend.com\/wp-content\/uploads\/2025\/09\/google-play-apple-buttons1-260x130.png 260w, https:\/\/helpusdefend.com\/wp-content\/uploads\/2025\/09\/google-play-apple-buttons1-50x25.png 50w, https:\/\/helpusdefend.com\/wp-content\/uploads\/2025\/09\/google-play-apple-buttons1-150x75.png 150w\" sizes=\"(max-width:767px) 530px, 600px\" \/>\t\t\t\t\t\t\t\t<\/a>\n\t\t\t\t\t\t\t\t\t\t\t\t\t\t\t<\/div>\n\t\t\t\t<\/div>\n\t\t\t\t<div class=\"elementor-element elementor-element-75c4cac elementor-widget elementor-widget-image\" data-id=\"75c4cac\" data-element_type=\"widget\" data-e-type=\"widget\" data-widget_type=\"image.default\">\n\t\t\t\t<div class=\"elementor-widget-container\">\n\t\t\t\t\t\t\t\t\t\t\t\t\t\t\t\t<a href=\"https:\/\/play.google.com\/store\/apps\/details?id=com.DefaultCompany.DatingSquare\">\n\t\t\t\t\t\t\t<img decoding=\"async\" width=\"600\" height=\"300\" src=\"https:\/\/helpusdefend.com\/wp-content\/uploads\/2025\/09\/1.png\" class=\"attachment-large size-large wp-image-9090\" alt=\"\" srcset=\"https:\/\/helpusdefend.com\/wp-content\/uploads\/2025\/09\/1.png 600w, https:\/\/helpusdefend.com\/wp-content\/uploads\/2025\/09\/1-500x250.png 500w, https:\/\/helpusdefend.com\/wp-content\/uploads\/2025\/09\/1-300x150.png 300w, https:\/\/helpusdefend.com\/wp-content\/uploads\/2025\/09\/1-260x130.png 260w, https:\/\/helpusdefend.com\/wp-content\/uploads\/2025\/09\/1-50x25.png 50w, https:\/\/helpusdefend.com\/wp-content\/uploads\/2025\/09\/1-150x75.png 150w\" sizes=\"(max-width:767px) 530px, 600px\" \/>\t\t\t\t\t\t\t\t<\/a>\n\t\t\t\t\t\t\t\t\t\t\t\t\t\t\t<\/div>\n\t\t\t\t<\/div>\n\t\t\t\t\t<\/div>\n\t\t\t\t<\/div>\n\t\t\t\t<\/div>\n\t\t","protected":false},"excerpt":{"rendered":"<p>Juicio contra Meta en Los \u00c1ngeles: asuntos y posiciones &#8211; Un juicio en curso ante la Corte Superior de Los \u00c1ngeles, California, contra Meta Platforms, con<span class=\"excerpt-hellip\"> [\u2026]<\/span><\/p>\n","protected":false},"author":5,"featured_media":9658,"comment_status":"open","ping_status":"open","sticky":false,"template":"","format":"standard","meta":{"wp_social_preview_title":"","wp_social_preview_description":"","wp_social_preview_image":0,"footnotes":""},"categories":[1],"tags":[164,167,166,127,162,128,126,165,81,163,90,168,132,133],"class_list":["post-9664","post","type-post","status-publish","format-standard","has-post-thumbnail","hentry","category-online-safety","tag-adolescentes","tag-derecho-de-menores","tag-inmunidad-legal","tag-instagram","tag-juicio","tag-mark-zuckerberg","tag-meta","tag-redes-sociales","tag-responsabilidad-de-plataformas","tag-salud-mental","tag-seccion-230","tag-seguridad-en-linea","tag-snap-inc","tag-tiktok"],"_links":{"self":[{"href":"https:\/\/helpusdefend.com\/index.php?rest_route=\/wp\/v2\/posts\/9664","targetHints":{"allow":["GET"]}}],"collection":[{"href":"https:\/\/helpusdefend.com\/index.php?rest_route=\/wp\/v2\/posts"}],"about":[{"href":"https:\/\/helpusdefend.com\/index.php?rest_route=\/wp\/v2\/types\/post"}],"author":[{"embeddable":true,"href":"https:\/\/helpusdefend.com\/index.php?rest_route=\/wp\/v2\/users\/5"}],"replies":[{"embeddable":true,"href":"https:\/\/helpusdefend.com\/index.php?rest_route=%2Fwp%2Fv2%2Fcomments&post=9664"}],"version-history":[{"count":4,"href":"https:\/\/helpusdefend.com\/index.php?rest_route=\/wp\/v2\/posts\/9664\/revisions"}],"predecessor-version":[{"id":9668,"href":"https:\/\/helpusdefend.com\/index.php?rest_route=\/wp\/v2\/posts\/9664\/revisions\/9668"}],"wp:featuredmedia":[{"embeddable":true,"href":"https:\/\/helpusdefend.com\/index.php?rest_route=\/wp\/v2\/media\/9658"}],"wp:attachment":[{"href":"https:\/\/helpusdefend.com\/index.php?rest_route=%2Fwp%2Fv2%2Fmedia&parent=9664"}],"wp:term":[{"taxonomy":"category","embeddable":true,"href":"https:\/\/helpusdefend.com\/index.php?rest_route=%2Fwp%2Fv2%2Fcategories&post=9664"},{"taxonomy":"post_tag","embeddable":true,"href":"https:\/\/helpusdefend.com\/index.php?rest_route=%2Fwp%2Fv2%2Ftags&post=9664"}],"curies":[{"name":"wp","href":"https:\/\/api.w.org\/{rel}","templated":true}]}}